{"id":128,"date":"2016-04-10T12:04:20","date_gmt":"2016-04-10T15:04:20","guid":{"rendered":"https:\/\/cristinaribas.org\/escritos\/?p=128"},"modified":"2018-10-17T20:03:08","modified_gmt":"2018-10-17T23:03:08","slug":"variacao-semiotica","status":"publish","type":"post","link":"https:\/\/cristinaribas.org\/escritos\/variacao-semiotica\/","title":{"rendered":"varia\u00e7\u00e3o semi\u00f3tica"},"content":{"rendered":"<p>09\/04\/2016<\/p>\n<p><a href=\"https:\/\/www.facebook.com\/hashtag\/vaitervaria\u00e7\u00e3osemi\u00f3tica?source=feed_text\">#vaitervaria\u00e7\u00e3osemi\u00f3tica<\/a> sei n\u00e3o. dos complexos de subjetiva\u00e7\u00e3o, daqueles bem cabeludos, daqueles que se multiplicam na gente, sem d\u00favida reside um de base cat\u00f3lica branca (no meu caso), s\u00f3 pode ser, esse do moralismo e da impot\u00eancia que se expressa em imediata impot\u00eancia pol\u00edtica, esse de que nada do que fazemos mudar\u00e1 o imediatamente ali, e de que s\u00f3 na unifica\u00e7\u00e3o de enunciados nos encontramos em um movimento comum, que, ao ser devidamente representado, se tornar\u00e1 a ordem do dia, l\u00e1 no planalto central. sei n\u00e3o. cada vez mais brigo com os complexos de transcend\u00eancia, com os tons conspirat\u00f3rios, com a repeti\u00e7\u00e3o de enunciados impotentes. a varia\u00e7\u00e3o semi\u00f3tica \u00e9 uma urg\u00eancia, mas ela \u00e9 complexa, ela requer mais troca, requer respeito, requer escuta, requer as &#8216;linhas quentes&#8217;. requer produ\u00e7\u00e3o, n\u00e3o reprodu\u00e7\u00e3o. requer \u00e9tica, z\u00e9 man\u00e9. agora como? bora faz\u00ea.<\/p>\n ","protected":false},"excerpt":{"rendered":"<p>09\/04\/2016 #vaitervaria\u00e7\u00e3osemi\u00f3tica sei n\u00e3o. dos complexos de subjetiva\u00e7\u00e3o, daqueles bem cabeludos, daqueles que se multiplicam na gente, sem d\u00favida reside um de base cat\u00f3lica branca (no meu caso), s\u00f3 pode &hellip; <a href=\"https:\/\/cristinaribas.org\/escritos\/variacao-semiotica\/\" class=\"more-link\">Continuar lendo <span class=\"screen-reader-text\">varia\u00e7\u00e3o semi\u00f3tica<\/span><\/a><\/p>\n","protected":false},"author":3,"featured_media":0,"comment_status":"open","ping_status":"open","sticky":false,"template":"","format":"standard","meta":{"_jetpack_memberships_contains_paid_content":false,"footnotes":"","jetpack_publicize_message":"","jetpack_publicize_feature_enabled":true,"jetpack_social_post_already_shared":true,"jetpack_social_options":{"image_generator_settings":{"template":"highway","default_image_id":0,"font":"","enabled":false},"version":2}},"categories":[1],"tags":[4,39,60,59,34,15,18,58],"class_list":["post-128","post","type-post","status-publish","format-standard","hentry","category-sem-categoria","tag-brasil","tag-corpo","tag-escuta","tag-fascismo","tag-macropolitica","tag-memoria","tag-politica","tag-semiotica"],"jetpack_publicize_connections":[],"jetpack_featured_media_url":"","jetpack_shortlink":"https:\/\/wp.me\/p7SdzS-24","jetpack_sharing_enabled":true,"_links":{"self":[{"href":"https:\/\/cristinaribas.org\/escritos\/wp-json\/wp\/v2\/posts\/128","targetHints":{"allow":["GET"]}}],"collection":[{"href":"https:\/\/cristinaribas.org\/escritos\/wp-json\/wp\/v2\/posts"}],"about":[{"href":"https:\/\/cristinaribas.org\/escritos\/wp-json\/wp\/v2\/types\/post"}],"author":[{"embeddable":true,"href":"https:\/\/cristinaribas.org\/escritos\/wp-json\/wp\/v2\/users\/3"}],"replies":[{"embeddable":true,"href":"https:\/\/cristinaribas.org\/escritos\/wp-json\/wp\/v2\/comments?post=128"}],"version-history":[{"count":2,"href":"https:\/\/cristinaribas.org\/escritos\/wp-json\/wp\/v2\/posts\/128\/revisions"}],"predecessor-version":[{"id":171,"href":"https:\/\/cristinaribas.org\/escritos\/wp-json\/wp\/v2\/posts\/128\/revisions\/171"}],"wp:attachment":[{"href":"https:\/\/cristinaribas.org\/escritos\/wp-json\/wp\/v2\/media?parent=128"}],"wp:term":[{"taxonomy":"category","embeddable":true,"href":"https:\/\/cristinaribas.org\/escritos\/wp-json\/wp\/v2\/categories?post=128"},{"taxonomy":"post_tag","embeddable":true,"href":"https:\/\/cristinaribas.org\/escritos\/wp-json\/wp\/v2\/tags?post=128"}],"curies":[{"name":"wp","href":"https:\/\/api.w.org\/{rel}","templated":true}]}}