{"id":257,"date":"2024-04-02T09:13:37","date_gmt":"2024-04-02T12:13:37","guid":{"rendered":"https:\/\/cristinaribas.org\/escritos\/?p=257"},"modified":"2024-04-02T09:13:37","modified_gmt":"2024-04-02T12:13:37","slug":"diaspora-olho-dagua","status":"publish","type":"post","link":"https:\/\/cristinaribas.org\/escritos\/diaspora-olho-dagua\/","title":{"rendered":"Di\u00e1spora (olho d&#8217;\u00e1gua)"},"content":{"rendered":"<p>O tr\u00e2nsito, do deslocamento<br \/>\no privil\u00e9gio de ir e vir como quem<br \/>\nse separa do que n\u00e3o quer.<\/p>\n<p>Carregar peso,<br \/>\nreafirmar o corpo,<br \/>\ne depois flutar<br \/>\nser\u00e1 uma mem\u00f3ria daquela di\u00e1spora,<br \/>\nprimeira?<\/p>\n<p>Do povo que me formou?<br \/>\nVai e volta na fam\u00edlia<br \/>\n&#8211; circula &#8211;<br \/>\numa narrativa sobre sofrimento e<br \/>\ndeslocamento e<br \/>\ncarregar comida consigo.<\/p>\n<p>Sobreviv\u00eancia, de algum modo.<\/p>\n<p>H\u00e1 poucos anos me dei conta<br \/>\nda di\u00e1spora desse povo branco<br \/>\ndesse povo que perdeu seus rituais<br \/>\na mem\u00f3ria, as formas a textura<br \/>\na circularidade daquilo que vivia<\/p>\n<p>N\u00e3o, n\u00e3o \u00e9 como o povo preto<\/p>\n<p>Mas tamb\u00e9m \u00e9 di\u00e1spora.<br \/>\nTamb\u00e9m doeu.<br \/>\nE leva traumas incutidos<br \/>\n&#8211; desaparecidos<br \/>\nsob um orgulho racial.<\/p>\n<p>E desaparecidos no \u00f3dio de vencer<br \/>\num outro povo, subjugado, aterrado,<br \/>\nsubsumido, povos minorizados.<\/p>\n<p>Vou e volto, cres\u00e7o e reapare\u00e7o nessa trajet\u00f3ria.<br \/>\nCorpo de respiro de arroz e soja,<br \/>\nda plan\u00edcie explorada,<br \/>\nde insumo, de plantation contempor\u00e2nea.<\/p>\n<p>Atravessada pela explora\u00e7\u00e3o<br \/>\n&#8211; adendo, sou mulher<br \/>\n&#8211; adendo, sou m\u00e3e<br \/>\nprocuro pontos suaves<br \/>\ncomo que as matinhas no meio da coxilha<br \/>\nonde o olho descansa e lembra<br \/>\n&#8211; como crian\u00e7a<br \/>\n(como olhos d\u2019\u00e1gua)<br \/>\nde um ref\u00fagio &#8211; qualquer.<\/p>\n<p>O trigo colhido,<br \/>\npenteado no campo amarelo.<br \/>\nO sol se deita, um pouco mais.<\/p>\n<p>((Trabalha aquele que pesca?<br \/>\nNo meio da estrada?<br \/>\nEspera a truta crescer<br \/>\npara poder comer ela.<br \/>\nTrabalha aquele que leva,<br \/>\naquele que rala, aquele silo<br \/>\naquela palmeira, trabalho<br \/>\ndo nada, pinheiro, e pastagem.))<\/p>\n<p>Vou e volto com o corpo encarnado<br \/>\ndos corpos que eu posso ser,<br \/>\ndas vers\u00f5es que se desdobram,<br \/>\ndo tempo que desliza,<br \/>\nescorre, entre passado e<br \/>\nposs\u00edvel.<\/p>\n<p>Acompanho as sombras,<br \/>\nque v\u00e3o caindo com o fim do dia<br \/>\neu tamb\u00e9m fa\u00e7o sombras,<br \/>\nsou levada,<br \/>\nsorrio,<br \/>\nQuando venho, se choro um pouco<br \/>\nsorrio, quando volto<br \/>\nsei para onde vou.<\/p>\n<p>(Olho d\u2019\u00e1gua, deslocamento)<br \/>\n26.03.2024<\/p>\n ","protected":false},"excerpt":{"rendered":"<p>O tr\u00e2nsito, do deslocamento o privil\u00e9gio de ir e vir como quem se separa do que n\u00e3o quer. Carregar peso, reafirmar o corpo, e depois flutar ser\u00e1 uma mem\u00f3ria daquela &hellip; <a href=\"https:\/\/cristinaribas.org\/escritos\/diaspora-olho-dagua\/\" class=\"more-link\">Continuar lendo <span class=\"screen-reader-text\">Di\u00e1spora (olho d&#8217;\u00e1gua)<\/span><\/a><\/p>\n","protected":false},"author":1,"featured_media":0,"comment_status":"closed","ping_status":"open","sticky":false,"template":"","format":"standard","meta":{"_jetpack_memberships_contains_paid_content":false,"footnotes":"","jetpack_publicize_message":"","jetpack_publicize_feature_enabled":true,"jetpack_social_post_already_shared":true,"jetpack_social_options":{"image_generator_settings":{"template":"highway","default_image_id":0,"font":"","enabled":false},"version":2}},"categories":[1],"tags":[41,92,95,15,93,96,94],"class_list":["post-257","post","type-post","status-publish","format-standard","hentry","category-sem-categoria","tag-adulto","tag-exploracao","tag-intergeracionalidade","tag-memoria","tag-migracao","tag-sul","tag-trabalho"],"jetpack_publicize_connections":[],"jetpack_featured_media_url":"","jetpack_shortlink":"https:\/\/wp.me\/p7SdzS-49","jetpack_sharing_enabled":true,"_links":{"self":[{"href":"https:\/\/cristinaribas.org\/escritos\/wp-json\/wp\/v2\/posts\/257","targetHints":{"allow":["GET"]}}],"collection":[{"href":"https:\/\/cristinaribas.org\/escritos\/wp-json\/wp\/v2\/posts"}],"about":[{"href":"https:\/\/cristinaribas.org\/escritos\/wp-json\/wp\/v2\/types\/post"}],"author":[{"embeddable":true,"href":"https:\/\/cristinaribas.org\/escritos\/wp-json\/wp\/v2\/users\/1"}],"replies":[{"embeddable":true,"href":"https:\/\/cristinaribas.org\/escritos\/wp-json\/wp\/v2\/comments?post=257"}],"version-history":[{"count":1,"href":"https:\/\/cristinaribas.org\/escritos\/wp-json\/wp\/v2\/posts\/257\/revisions"}],"predecessor-version":[{"id":258,"href":"https:\/\/cristinaribas.org\/escritos\/wp-json\/wp\/v2\/posts\/257\/revisions\/258"}],"wp:attachment":[{"href":"https:\/\/cristinaribas.org\/escritos\/wp-json\/wp\/v2\/media?parent=257"}],"wp:term":[{"taxonomy":"category","embeddable":true,"href":"https:\/\/cristinaribas.org\/escritos\/wp-json\/wp\/v2\/categories?post=257"},{"taxonomy":"post_tag","embeddable":true,"href":"https:\/\/cristinaribas.org\/escritos\/wp-json\/wp\/v2\/tags?post=257"}],"curies":[{"name":"wp","href":"https:\/\/api.w.org\/{rel}","templated":true}]}}