{"id":268,"date":"2022-05-10T10:44:45","date_gmt":"2022-05-10T13:44:45","guid":{"rendered":"https:\/\/cristinaribas.org\/escritos\/?p=268"},"modified":"2025-01-18T10:53:18","modified_gmt":"2025-01-18T13:53:18","slug":"diagramas-especulativos-a-partir-da-analise-institucional-desejos-de-grupo-no-brasil-em-crise","status":"publish","type":"post","link":"https:\/\/cristinaribas.org\/escritos\/diagramas-especulativos-a-partir-da-analise-institucional-desejos-de-grupo-no-brasil-em-crise\/","title":{"rendered":"Diagramas especulativos a partir da an\u00e1lise institucional, \u2018desejos de grupo\u2019 no Brasil em crise"},"content":{"rendered":"<p>Publicado na <strong><em>Revista Modos<\/em><\/strong>, no Dossi\u00ea &#8211; Novas, antigas, outras institucionalidades, organizado por Bruna Wulff Fetter e M\u00f4nica Hoff Gon\u00e7alves.<\/p>\n<p>Maio de 2022<\/p>\n<p>Link para o artigo completo, no site da revista <a href=\"https:\/\/periodicos.sbu.unicamp.br\/ojs\/index.php\/mod\/article\/view\/8668501\">https:\/\/periodicos.sbu.unicamp.br\/ojs\/index.php\/mod\/article\/view\/8668501<\/a><\/p>\n<p><strong>Resumo:<\/strong> A hist\u00f3ria da an\u00e1lise institucional nos mostra o potencial dessa ferramenta: transformar, destruir e, se necess\u00e1rio, reconstruir institui\u00e7\u00f5es; mas tamb\u00e9m nutrir processos grupais e fazer pensar agenciamentos coletivos. Neste artigo partilho uma experi\u00eancia em an\u00e1lise institucional e artes visuais tendo o desenho e o conceito de diagrama como ferramentas de uma produ\u00e7\u00e3o coletiva. Desenvolvo como a an\u00e1lise institucional e o desenho ativam \u2013 juntos \u2013 um potencial criativo e especulativo, composi\u00e7\u00e3o a partir da qual surgem impress\u00f5es, tra\u00e7os, gestos, \u2018filigranas\u2019, ou a\u00e7\u00f5es multiplicadoras de um procedimento de an\u00e1lise que projetam, eventualmente, diagramas futuros.<\/p>\n<p><strong>Abstract:<\/strong> The history of institutional analysis shows us the potential of such tool: to transform, to destroy and, if necessary, rebuild institutions; but also to nurture group processes and to make think collective assemblages. In this writing I share an experience in institutional analysis and visual arts, having the making of drawing and the concept of diagram as tools for a collective production. I develop how institutional analysis and drawing activate together a creative and speculative potential, a composition from which emerge impressions, traces, gestures, &#8216;filigree&#8217;, or multiplying actions of an analysis procedure, projecting, eventually, future diagrams.<\/p>\n<p><strong>Palavras-chave:<\/strong> an\u00e1lise institucional, grupo, est\u00e9tico-pol\u00edtica, diagrama, desenho<\/p>\n<p><strong>Keywords:<\/strong> institutional analysis, group, aesthetico-political, diagram, drawing<\/p>\n<p>Uma ferramenta de an\u00e1lise, mas tamb\u00e9m de produ\u00e7\u00e3o. Um coletivo de psiquiatras, trabalhadores da sa\u00fade mental, de pacientes, de pensadores, de professoras, de articula\u00e7\u00f5es institucionais, de desbordamentos. Um corpo de pr\u00e1ticas desenhando trajet\u00f3rias transversais, nas quais se pode descortinar aquilo que resiste ser descortinado.<\/p>\n<p>A an\u00e1lise institucional \u00e9 contempor\u00e2nea a outras pr\u00e1ticas an\u00e1logas: uma mais difundida nos saberes e pr\u00e1ticas art\u00edsticas: a cr\u00edtica institucional; e outra mais difundida na sociologia, na hist\u00f3ria e na antropologia: as teorias \u2018de\u2019 ou descoloniais. Cr\u00edtica e an\u00e1lise institucional t\u00eam, em parte, uma genealogia comum &#8211; a teoria cr\u00edtica, e procuram provocar efeitos comuns: a an\u00e1lise das forma\u00e7\u00f5es de poder, do que oprime, e a busca pela transforma\u00e7\u00e3o das institui\u00e7\u00f5es derruindo aquilo que se cristaliza, que se institui como imut\u00e1vel. Ent\u00e3o, a an\u00e1lise institucional, assim como a cr\u00edtica e a de(s)colonialidade, procuram fomentar as capacidades inventivas da produ\u00e7\u00e3o social a partir dos diversos modos de exist\u00eancia. Al\u00e9m disso, a an\u00e1lise elabora a centralidade dos processos criativos \u2013 e da est\u00e9tica &#8211; na sua forma de produ\u00e7\u00e3o.<\/p>\n<p>Repensar socialmente a pr\u00e1tica era um movimento contra a domin\u00e2ncia da t\u00e9cnica, no caso das pr\u00e1ticas psiqui\u00e1tricas e cl\u00ednicas, e contra a dire\u00e7\u00e3o dada pelo estado (e pelo poder centralizado) a essas pr\u00e1ticas \u2013 deveras sistem\u00e1tica, familialista, generalista, alienante. Repensar socialmente a pr\u00e1tica dependia de articula\u00e7\u00f5es coletivas, vivenciais, cotidianas, pol\u00edticas. E \u00e9 isso que faz dessa ferramenta algo t\u00e3o interessante e t\u00e3o movente: as conex\u00f5es afetivas e a abertura \u00e0 produ\u00e7\u00e3o do desejo. A produ\u00e7\u00e3o de desejo s\u00f3 \u00e9 poss\u00edvel mediante uma articula\u00e7\u00e3o especulativa que seja capaz de acolher o potencial inventivo de uma coletividade, e que responda \u00e0s suas necessidades.<\/p>\n<p>(&#8230;)<\/p>\n<p><img loading=\"lazy\" decoding=\"async\" class=\"aligncenter size-full wp-image-269\" src=\"https:\/\/cristinaribas.org\/escritos\/wp-content\/uploads\/sites\/4\/2025\/01\/a-analise-desenhos.jpg\" alt=\"\" width=\"1143\" height=\"853\" srcset=\"https:\/\/cristinaribas.org\/escritos\/wp-content\/uploads\/sites\/4\/2025\/01\/a-analise-desenhos.jpg 1143w, https:\/\/cristinaribas.org\/escritos\/wp-content\/uploads\/sites\/4\/2025\/01\/a-analise-desenhos-300x224.jpg 300w, https:\/\/cristinaribas.org\/escritos\/wp-content\/uploads\/sites\/4\/2025\/01\/a-analise-desenhos-1024x764.jpg 1024w, https:\/\/cristinaribas.org\/escritos\/wp-content\/uploads\/sites\/4\/2025\/01\/a-analise-desenhos-768x573.jpg 768w\" sizes=\"auto, (max-width: 1143px) 100vw, 1143px\" \/><\/p>\n<p class=\"western\" align=\"center\"><span style=\"font-family: Times New Roman, serif;\"><span style=\"font-size: small;\"><span lang=\"pt-BR\">Desenhos das conversas do <\/span><\/span><\/span><span style=\"font-family: Times New Roman, serif;\"><span style=\"font-size: small;\"><span lang=\"pt-BR\"><i>Mapas para An\u00e1lise Institucional<\/i><\/span><\/span><\/span><span style=\"font-family: Times New Roman, serif;\"><span style=\"font-size: small;\"><span lang=\"pt-BR\">. Cristina Ribas e participantes. 2017. Todos em 42 x 32 cm, papel vegetal, caneta hidrogr\u00e1fica.<\/span><\/span><\/span><\/p>\n ","protected":false},"excerpt":{"rendered":"<p>Publicado na Revista Modos, no Dossi\u00ea &#8211; Novas, antigas, outras institucionalidades, organizado por Bruna Wulff Fetter e M\u00f4nica Hoff Gon\u00e7alves. Maio de 2022 Link para o artigo completo, no site &hellip; <a href=\"https:\/\/cristinaribas.org\/escritos\/diagramas-especulativos-a-partir-da-analise-institucional-desejos-de-grupo-no-brasil-em-crise\/\" class=\"more-link\">Continuar lendo <span class=\"screen-reader-text\">Diagramas especulativos a partir da an\u00e1lise institucional, \u2018desejos de grupo\u2019 no Brasil em crise<\/span><\/a><\/p>\n","protected":false},"author":1,"featured_media":0,"comment_status":"closed","ping_status":"open","sticky":false,"template":"","format":"standard","meta":{"_jetpack_memberships_contains_paid_content":false,"footnotes":"","jetpack_publicize_message":"","jetpack_publicize_feature_enabled":true,"jetpack_social_post_already_shared":true,"jetpack_social_options":{"image_generator_settings":{"template":"highway","default_image_id":0,"font":"","enabled":false},"version":2}},"categories":[1],"tags":[102,33,4,46,103,47,18,22],"class_list":["post-268","post","type-post","status-publish","format-standard","hentry","category-sem-categoria","tag-analise-institucional","tag-arte-contemporanea","tag-brasil","tag-cartografia","tag-conversa","tag-diagrama","tag-politica","tag-publicado"],"jetpack_publicize_connections":[],"jetpack_featured_media_url":"","jetpack_shortlink":"https:\/\/wp.me\/p7SdzS-4k","jetpack_sharing_enabled":true,"_links":{"self":[{"href":"https:\/\/cristinaribas.org\/escritos\/wp-json\/wp\/v2\/posts\/268","targetHints":{"allow":["GET"]}}],"collection":[{"href":"https:\/\/cristinaribas.org\/escritos\/wp-json\/wp\/v2\/posts"}],"about":[{"href":"https:\/\/cristinaribas.org\/escritos\/wp-json\/wp\/v2\/types\/post"}],"author":[{"embeddable":true,"href":"https:\/\/cristinaribas.org\/escritos\/wp-json\/wp\/v2\/users\/1"}],"replies":[{"embeddable":true,"href":"https:\/\/cristinaribas.org\/escritos\/wp-json\/wp\/v2\/comments?post=268"}],"version-history":[{"count":1,"href":"https:\/\/cristinaribas.org\/escritos\/wp-json\/wp\/v2\/posts\/268\/revisions"}],"predecessor-version":[{"id":270,"href":"https:\/\/cristinaribas.org\/escritos\/wp-json\/wp\/v2\/posts\/268\/revisions\/270"}],"wp:attachment":[{"href":"https:\/\/cristinaribas.org\/escritos\/wp-json\/wp\/v2\/media?parent=268"}],"wp:term":[{"taxonomy":"category","embeddable":true,"href":"https:\/\/cristinaribas.org\/escritos\/wp-json\/wp\/v2\/categories?post=268"},{"taxonomy":"post_tag","embeddable":true,"href":"https:\/\/cristinaribas.org\/escritos\/wp-json\/wp\/v2\/tags?post=268"}],"curies":[{"name":"wp","href":"https:\/\/api.w.org\/{rel}","templated":true}]}}